{"id":3270,"date":"2023-09-25T12:00:55","date_gmt":"2023-09-25T10:00:55","guid":{"rendered":"https:\/\/blog.presseplus.eu\/?p=3270"},"modified":"2026-04-26T15:41:03","modified_gmt":"2026-04-26T13:41:03","slug":"stereo-hifi-magazin-neuausrichtung","status":"publish","type":"post","link":"https:\/\/www.presseshop.ch\/blog\/stereo-hifi-magazin-neuausrichtung\/","title":{"rendered":"STEREO HiFi-Magazin von FUNKE erh\u00e4lt eine neue Ausrichtung"},"content":{"rendered":"<p>Die <a href=\"\/blog\/die-funke-medien-gruppe\/\" target=\"_blank\" rel=\"noopener\">Funke Mediengruppe<\/a> stellt sein renommiertes <a href=\"https:\/\/www.presseplus.eu\/Zeitschriften\/Hobby-Zeitschriften-Abos\/Audio-Zeitschriften-Abos\" target=\"_blank\" rel=\"noopener\">HiFi-Magazin<\/a> <a href=\"https:\/\/www.presseplus.eu\/Stereo-Abo\" target=\"_blank\" rel=\"noopener\">STEREO<\/a> auf eine neue Ausrichtung ein, die das Potenzial hat, die HiFi-Branche in Deutschland zu revolutionieren. Diese spannenden Entwicklungen sind Teil einer gr\u00f6\u00dferen Initiative, bei der STEREO zur New-Business-Unit FUNKE One wechselt und gleichzeitig sein redaktionelles Konzept \u00fcberarbeitet.<\/p>\n<h2>Chefredakteurswechsel<\/h2>\n<p>Einer der auff\u00e4lligsten Wechsel betrifft die Redaktionsspitze. Der langj\u00e4hrige Chefredakteur, Volker Pigors, der ma\u00dfgeblich dazu beigetragen hat, STEREO zu einer der f\u00fchrenden Marken in der Berichterstattung \u00fcber die HiFi-Branche zu machen, geht in den Ruhestand. Sein Nachfolger, Axel Telzerow, \u00fcbernimmt die Leitung des Magazins. Axel Telzerow bringt eine F\u00fclle von Erfahrung aus seiner Arbeit f\u00fcr FUNKEs Verbrauchermagazin IMTEST und FOTOTEST mit.<\/p>\n<h2>Erweiterter Fokus: STEREO nimmt Consumer-Produkte ins Visier<\/h2>\n<p>Die Neuausrichtung von STEREO bringt frischen Wind in das Magazin, indem es seinen Fokus erweitert. Neben der traditionellen Ausrichtung auf das Testen von hochpreisigem High-End-Equipment wird das Magazin zuk\u00fcnftig auch Consumer-Produkte wie Soundbars, Smart-Speaker und Streaming-Dienste unter die Lupe nehmen. Dies erm\u00f6glicht eine breitere redaktionelle Aufstellung und er\u00f6ffnet neue M\u00f6glichkeiten f\u00fcr Werbekunden im Consumer-Bereich.<\/p>\n<div class=\"wp-block-image\">\n<figure class=\"aligncenter is-resized\"><a href=\"\/Stereo-Abo\" rel=\"nofollow\"><img fetchpriority=\"high\" decoding=\"async\" src=\"https:\/\/cover.presseplus.eu\/388\/01374\/Stereo_Abo.jpg\" alt=\"Das Stereo Magazin\" width=\"470\" height=\"646\" \/><\/a><figcaption>Das Cover des Stereo Magazins<\/figcaption><\/figure>\n<\/div>\n<p>Das STEREO-Team wird weiterhin vom Standort Euskirchen in der Eifel aus arbeiten, wo es Produkte im eigenen Labor testet. Diese Experten-Tests sind in der Branche als &#8220;Branchen-Standards&#8221; anerkannt und genie\u00dfen auch bei gro\u00dfen Herstellern hohe Relevanz.<\/p>\n<h2>Intensivierte Zusammenarbeit: STEREO und IMTEST b\u00fcndeln Kr\u00e4fte<\/h2>\n<p>Eine weitere wichtige Ver\u00e4nderung betrifft die Zusammenarbeit von STEREO mit anderen FUNKE-Publikationen. In den kommenden Wochen und Monaten wird die Zusammenarbeit zwischen dem STEREO-Team und den Journalisten der Verbraucherjournalismus-Marke IMTEST von FUNKE weiter intensiviert und erweitert.<\/p>\n<p>Die erfolgreiche Integration des Magazins FOTOTEST in die FUNKE-Markenwelt vor einem Jahr dient dabei als inspirierendes Vorbild. Unter der Leitung von Chefredakteur Axel Telzerow plant das Team, \u00e4hnliche Schritte f\u00fcr STEREO zu unternehmen. Dies beinhaltet sowohl eine thematische Erweiterung des Magazins als auch die Etablierung von Kooperationen mit anderen Zeitschriften und Regionalmedien innerhalb des FUNKE-Netzwerks.<\/p>\n<p>Ein konkretes Beispiel f\u00fcr diese verst\u00e4rkte Zusammenarbeit wird die Ver\u00f6ffentlichung ausgew\u00e4hlter Tests aus STEREO sein, die in Zukunft nicht nur im eigenen Magazin, sondern auch in IMTEST und den Zeitungen von FUNKE pr\u00e4sentiert werden. Dabei werden die Inhalte stets entsprechend den unterschiedlichen Zielgruppen neu aufbereitet, um eine bestm\u00f6gliche Relevanz zu gew\u00e4hrleisten.<\/p>\n<h2>Die Zukunft der HiFi-Berichterstattung in Deutschland<\/h2>\n<p>Diese umfassende Umgestaltung positioniert STEREO als eine bedeutende Kraft in der HiFi-Branche. Mit einer breiteren Pr\u00e4senz in Vermarktung und redaktioneller Zusammenarbeit innerhalb der FUNKE Mediengruppe wird das Magazin seine Bedeutung weiter steigern und sicherstellen, dass es f\u00fcr HiFi-Enthusiasten und Consumer-Produkte gleicherma\u00dfen relevant bleibt. Es ist ein aufregender Neuanfang f\u00fcr STEREO und ein vielversprechender Schritt in die Zukunft der HiFi-Berichterstattung in Deutschland.<\/p>\n<p>&nbsp;<\/p>\n","protected":false},"excerpt":{"rendered":"<p>Die Funke Mediengruppe stellt sein renommiertes HiFi-Magazin STEREO auf eine neue Ausrichtung ein, die das Potenzial hat, die HiFi-Branche in Deutschland zu revolutionieren. Diese spannenden Entwicklungen sind Teil einer gr\u00f6\u00dferen Initiative, bei der STEREO zur New-Business-Unit FUNKE One wechselt und gleichzeitig sein redaktionelles Konzept \u00fcberarbeitet. Chefredakteurswechsel Einer der auff\u00e4lligsten Wechsel betrifft die Redaktionsspitze. Der langj\u00e4hrige [&hellip;]<\/p>\n","protected":false},"author":38,"featured_media":3271,"comment_status":"closed","ping_status":"open","sticky":false,"template":"","format":"standard","meta":{"_acf_changed":false,"footnotes":""},"categories":[96],"tags":[],"class_list":["post-3270","post","type-post","status-publish","format-standard","has-post-thumbnail","hentry","category-verlag-news"],"acf":[],"_links":{"self":[{"href":"https:\/\/www.presseshop.ch\/blog\/wp-json\/wp\/v2\/posts\/3270","targetHints":{"allow":["GET"]}}],"collection":[{"href":"https:\/\/www.presseshop.ch\/blog\/wp-json\/wp\/v2\/posts"}],"about":[{"href":"https:\/\/www.presseshop.ch\/blog\/wp-json\/wp\/v2\/types\/post"}],"author":[{"embeddable":true,"href":"https:\/\/www.presseshop.ch\/blog\/wp-json\/wp\/v2\/users\/38"}],"replies":[{"embeddable":true,"href":"https:\/\/www.presseshop.ch\/blog\/wp-json\/wp\/v2\/comments?post=3270"}],"version-history":[{"count":7,"href":"https:\/\/www.presseshop.ch\/blog\/wp-json\/wp\/v2\/posts\/3270\/revisions"}],"predecessor-version":[{"id":5360,"href":"https:\/\/www.presseshop.ch\/blog\/wp-json\/wp\/v2\/posts\/3270\/revisions\/5360"}],"wp:featuredmedia":[{"embeddable":true,"href":"https:\/\/www.presseshop.ch\/blog\/wp-json\/wp\/v2\/media\/3271"}],"wp:attachment":[{"href":"https:\/\/www.presseshop.ch\/blog\/wp-json\/wp\/v2\/media?parent=3270"}],"wp:term":[{"taxonomy":"category","embeddable":true,"href":"https:\/\/www.presseshop.ch\/blog\/wp-json\/wp\/v2\/categories?post=3270"},{"taxonomy":"post_tag","embeddable":true,"href":"https:\/\/www.presseshop.ch\/blog\/wp-json\/wp\/v2\/tags?post=3270"}],"curies":[{"name":"wp","href":"https:\/\/api.w.org\/{rel}","templated":true}]}}